{"id":52,"date":"2024-09-02T17:50:00","date_gmt":"2024-09-02T20:50:00","guid":{"rendered":"https:\/\/www.drapatriciabeluco.com.br\/blog\/?p=52"},"modified":"2024-09-02T17:50:01","modified_gmt":"2024-09-02T20:50:01","slug":"fobia-social-saiba-o-que-e-e-suas-causas","status":"publish","type":"post","link":"https:\/\/www.drapatriciabeluco.com.br\/blog\/fobia-social-saiba-o-que-e-e-suas-causas\/","title":{"rendered":"Fobia social: saiba o que \u00e9 e suas causas"},"content":{"rendered":"\n<p class=\"has-medium-font-size\"><strong><em>Entenda o que \u00e9 a fobia social, seus sintomas, causas e impactos no dia a dia. Conhe\u00e7a a Cl\u00ednica Beluco para tratamento especializado.<\/em><\/strong><\/p>\n\n\n\n<p>A fobia social, tamb\u00e9m conhecida como transtorno de ansiedade social, \u00e9 uma condi\u00e7\u00e3o que afeta milh\u00f5es de pessoas em todo o mundo.&nbsp;<\/p>\n\n\n\n<p>Caracterizada por um medo intenso e persistente de ser julgado negativamente em situa\u00e7\u00f5es sociais, essa condi\u00e7\u00e3o pode ser debilitante para quem a enfrenta.&nbsp;<\/p>\n\n\n\n<p>A fobia social vai muito al\u00e9m da simples timidez; ela pode interferir gravemente na vida cotidiana, nas rela\u00e7\u00f5es pessoais e profissionais, e na autoestima de uma pessoa.<\/p>\n\n\n\n<p>\u00c9 importante entender que a fobia social \u00e9 um transtorno reconhecido e trat\u00e1vel. Muitas pessoas que sofrem dessa condi\u00e7\u00e3o podem n\u00e3o perceber a gravidade do problema ou n\u00e3o buscar ajuda por medo ou vergonha.&nbsp;<\/p>\n\n\n\n<p>Este artigo busca esclarecer o que \u00e9 a fobia social, seus sintomas, como ela se desenvolve, e a import\u00e2ncia de procurar ajuda especializada para tratar esse transtorno.<\/p>\n\n\n\n<ul class=\"wp-block-list\">\n<li><a href=\"https:\/\/www.drapatriciabeluco.com.br\/blog\/psiquiatra-especialista-em-sindrome-do-panico-em-sp\/\">Psiquiatra especialista em s\u00edndrome do p\u00e2nico em SP<\/a><\/li>\n<\/ul>\n\n\n\n<h2 class=\"wp-block-heading\">Sintomas da fobia social: como reconhecer os sinais?<\/h2>\n\n\n\n<p>Os sintomas da fobia social variam em intensidade e podem se manifestar de diferentes maneiras, dependendo da pessoa e das situa\u00e7\u00f5es que ela enfrenta. Alguns dos sintomas mais comuns incluem:<\/p>\n\n\n<div class=\"wp-block-image\">\n<figure class=\"alignright size-full is-resized\"><img loading=\"lazy\" decoding=\"async\" width=\"1000\" height=\"667\" src=\"https:\/\/www.drapatriciabeluco.com.br\/blog\/wp-content\/uploads\/2024\/09\/2149155390.jpg\" alt=\"\" class=\"wp-image-54\" style=\"width:372px;height:auto\" srcset=\"https:\/\/www.drapatriciabeluco.com.br\/blog\/wp-content\/uploads\/2024\/09\/2149155390.jpg 1000w, https:\/\/www.drapatriciabeluco.com.br\/blog\/wp-content\/uploads\/2024\/09\/2149155390-300x200.jpg 300w, https:\/\/www.drapatriciabeluco.com.br\/blog\/wp-content\/uploads\/2024\/09\/2149155390-768x512.jpg 768w\" sizes=\"auto, (max-width: 1000px) 100vw, 1000px\" \/><\/figure>\n<\/div>\n\n\n<ul class=\"wp-block-list\">\n<li><strong>Medo extremo de ser julgado:<\/strong> as pessoas com fobia social temem ser avaliadas negativamente em situa\u00e7\u00f5es sociais, como falar em p\u00fablico, conhecer pessoas novas ou at\u00e9 mesmo comer em p\u00fablico;<br><\/li>\n\n\n\n<li><strong>Evitamento de situa\u00e7\u00f5es sociais:<\/strong> para evitar o desconforto e a ansiedade, muitos indiv\u00edduos evitam ativamente situa\u00e7\u00f5es onde precisam interagir com os outros;<br><\/li>\n\n\n\n<li><strong>Sintomas f\u00edsicos:<\/strong> taquicardia, tremores, sudorese excessiva, dificuldade para respirar, n\u00e1useas e tontura s\u00e3o sintomas f\u00edsicos que podem ocorrer quando a pessoa se depara com uma situa\u00e7\u00e3o social;<br><\/li>\n\n\n\n<li><strong>Autocr\u00edtica intensa:<\/strong> ap\u00f3s uma intera\u00e7\u00e3o social, a pessoa pode passar horas ou dias revivendo a situa\u00e7\u00e3o e criticando severamente seu comportamento;<br><\/li>\n\n\n\n<li><strong>Isolamento:<\/strong> com o tempo, a pessoa pode se isolar cada vez mais para evitar situa\u00e7\u00f5es que geram ansiedade, o que pode levar a sentimentos de solid\u00e3o e depress\u00e3o.<\/li>\n<\/ul>\n\n\n\n<p>Esses sintomas da fobia social podem variar de leve a grave, mas mesmo os casos mais leves podem impactar significativamente a vida de uma pessoa, dificultando a manuten\u00e7\u00e3o de relacionamentos e o desempenho no trabalho ou na escola.<\/p>\n\n\n\n<ul class=\"wp-block-list\">\n<li><a href=\"https:\/\/www.drapatriciabeluco.com.br\/blog\/saiba-o-que-e-e-como-identificar-o-transtorno-de-estresse-pos-traumatico\/\">Saiba o que \u00e9 e como identificar o transtorno de estresse p\u00f3s-traum\u00e1tico<\/a><\/li>\n<\/ul>\n\n\n\n<h2 class=\"wp-block-heading\">Como a fobia social se desenvolve?<\/h2>\n\n\n\n<p>As causas da fobia social s\u00e3o multifatoriais, envolvendo uma combina\u00e7\u00e3o de fatores gen\u00e9ticos, ambientais e psicol\u00f3gicos. Algumas das principais causas da fobia social incluem:<\/p>\n\n\n\n<ul class=\"wp-block-list\">\n<li><strong>Gen\u00e9tica:<\/strong> estudos indicam que a fobia social pode ter uma base gen\u00e9tica, com um hist\u00f3rico familiar de transtornos de ansiedade ou depress\u00e3o aumentando o risco;<br><\/li>\n\n\n\n<li><strong>Experi\u00eancias traum\u00e1ticas:<\/strong> eventos traum\u00e1ticos, especialmente durante a inf\u00e2ncia ou adolesc\u00eancia, como bullying, rejei\u00e7\u00e3o social ou cr\u00edticas severas, podem contribuir para o desenvolvimento da fobia social;<br><\/li>\n\n\n\n<li><strong>Temperamento:<\/strong> indiv\u00edduos com um temperamento mais t\u00edmido ou inibido podem ser mais propensos a desenvolver ansiedade social e fobia;<br><\/li>\n\n\n\n<li><strong>Disfun\u00e7\u00f5es cerebrais:<\/strong> desequil\u00edbrios qu\u00edmicos no c\u00e9rebro, particularmente relacionados \u00e0 serotonina, podem influenciar a ansiedade e a resposta ao medo, contribuindo para a fobia social;<br><\/li>\n\n\n\n<li><strong>Cren\u00e7as distorcidas:<\/strong> algumas pessoas desenvolvem cren\u00e7as distorcidas sobre si mesmas e sobre como os outros as veem, o que alimenta a ansiedade social.<\/li>\n<\/ul>\n\n\n\n<p>Esses fatores podem atuar em conjunto para desencadear a fobia social, e o entendimento dessas causas \u00e9 crucial para um tratamento eficaz.<\/p>\n\n\n\n<ul class=\"wp-block-list\">\n<li><a href=\"https:\/\/www.drapatriciabeluco.com.br\/blog\/especialista-em-fobia-social-o-que-faz-e-onde-encontrar-um\/\">Especialista em fobia social: o que faz e onde encontrar um<\/a><\/li>\n<\/ul>\n\n\n\n<h2 class=\"wp-block-heading\">Quais os impactos da fobia social no dia a dia?<\/h2>\n\n\n\n<p>Os impactos da fobia social no dia a dia s\u00e3o amplos e podem afetar v\u00e1rias \u00e1reas da vida de uma pessoa. Entre os efeitos da fobia social, destacam-se:<\/p>\n\n\n\n<ul class=\"wp-block-list\">\n<li><strong>Desempenho no trabalho ou escola:<\/strong> a ansiedade social pode dificultar apresenta\u00e7\u00f5es, entrevistas de emprego ou at\u00e9 mesmo intera\u00e7\u00f5es cotidianas com colegas, resultando em um desempenho abaixo do esperado e dificuldades na carreira;<br><\/li>\n\n\n\n<li><strong>Relacionamentos pessoais:<\/strong> o medo de ser julgado pode levar ao isolamento social, prejudicando amizades, relacionamentos familiares e amorosos;<br><\/li>\n\n\n\n<li><strong>Qualidade de vida:<\/strong> a constante preocupa\u00e7\u00e3o com situa\u00e7\u00f5es sociais pode levar ao estresse cr\u00f4nico, depress\u00e3o e outros problemas de sa\u00fade mental;<br><\/li>\n\n\n\n<li><strong>Autoestima:<\/strong> pessoas com fobia social muitas vezes t\u00eam uma baixa autoestima, agravada pela autocr\u00edtica constante e pela percep\u00e7\u00e3o negativa de si mesmas;<br><\/li>\n\n\n\n<li><strong>Isolamento social:<\/strong> a necessidade de evitar situa\u00e7\u00f5es que causam ansiedade pode levar ao isolamento, intensificando sentimentos de solid\u00e3o e desespero.<\/li>\n<\/ul>\n\n\n\n<p>Esses impactos da fobia social podem criar um ciclo vicioso, onde o isolamento aumenta a ansiedade, que por sua vez, leva a mais isolamento e dificuldades emocionais.<\/p>\n\n\n\n<ul class=\"wp-block-list\">\n<li><a href=\"https:\/\/www.drapatriciabeluco.com.br\/blog\/depressao-o-que-e-e-suas-causas\/\">Depress\u00e3o: O que \u00e9 e suas causas<\/a><\/li>\n<\/ul>\n\n\n\n<h2 class=\"wp-block-heading\">Quando buscar ajuda?<\/h2>\n\n\n\n<p>\u00c9 essencial buscar ajuda quando a fobia social come\u00e7a a interferir significativamente na vida cotidiana.&nbsp;<\/p>\n\n\n\n<p>Se voc\u00ea ou algu\u00e9m que conhece est\u00e1 evitando situa\u00e7\u00f5es sociais, se isolando, ou experimentando sintomas f\u00edsicos intensos de ansiedade em intera\u00e7\u00f5es sociais, \u00e9 hora de considerar a busca por tratamento para fobia social.<\/p>\n\n\n\n<p>O diagn\u00f3stico da fobia social \u00e9 realizado por profissionais de sa\u00fade mental, como psic\u00f3logos e psiquiatras, que podem oferecer uma combina\u00e7\u00e3o de terapias e, em alguns casos, medicamentos para tratar a condi\u00e7\u00e3o.&nbsp;<\/p>\n\n\n\n<p>A terapia para fobia social, especialmente a terapia cognitivo-comportamental (TCC), \u00e9 eficaz em ajudar as pessoas a identificar e mudar padr\u00f5es de pensamento e comportamento que perpetuam a ansiedade.<\/p>\n\n\n\n<ul class=\"wp-block-list\">\n<li><a href=\"https:\/\/www.drapatriciabeluco.com.br\/blog\/transtorno-bipolar-o-que-e-e-seus-sintomas\/\">Transtorno Bipolar: O Que \u00c9 e Seus Sintomas<\/a><\/li>\n<\/ul>\n\n\n\n<h2 class=\"wp-block-heading\">Fobia social: conhe\u00e7a a Cl\u00ednica Beluco<\/h2>\n\n\n\n<p>A <a href=\"https:\/\/www.drapatriciabeluco.com.br\/\">Cl\u00ednica Beluco<\/a> \u00e9 uma refer\u00eancia no tratamento de transtornos de ansiedade social e fobia, oferecendo um ambiente acolhedor e tratamentos personalizados para cada paciente.\u00a0<\/p>\n\n\n\n<p>Com uma equipe multidisciplinar de especialistas, a cl\u00ednica utiliza abordagens baseadas em evid\u00eancias, como a TCC, para ajudar os pacientes a superar a fobia social e melhorar sua qualidade de vida.<\/p>\n\n\n\n<p>Na Cl\u00ednica Beluco, cada paciente recebe um plano de tratamento individualizado, focado em suas necessidades e objetivos espec\u00edficos.&nbsp;<\/p>\n\n\n\n<p>O tratamento pode incluir terapia individual, terapia em grupo, e, quando necess\u00e1rio, a prescri\u00e7\u00e3o de medicamentos para fobia social.&nbsp;<\/p>\n\n\n\n<p>Al\u00e9m disso, a cl\u00ednica oferece suporte cont\u00ednuo para garantir que os pacientes desenvolvam as habilidades necess\u00e1rias para lidar com a ansiedade social e reintegrar-se plenamente em suas atividades di\u00e1rias.<\/p>\n\n\n\n<p>Se voc\u00ea ou algu\u00e9m que conhece est\u00e1 lutando contra a fobia social, n\u00e3o hesite em procurar ajuda.&nbsp;<\/p>\n\n\n\n<p>A Cl\u00ednica Beluco est\u00e1 pronta para apoiar voc\u00ea em sua jornada para uma vida mais plena e livre de ansiedade.<\/p>\n","protected":false},"excerpt":{"rendered":"<p>Entenda o que \u00e9 a fobia social, seus sintomas, causas e impactos no dia a dia. Conhe\u00e7a a Cl\u00ednica Beluco para tratamento especializado. A fobia social, tamb\u00e9m conhecida como transtorno de ansiedade social, \u00e9 uma condi\u00e7\u00e3o que afeta milh\u00f5es de pessoas em todo o mundo.&nbsp; Caracterizada por um medo intenso e persistente de ser julgado &hellip; <\/p>\n","protected":false},"author":1,"featured_media":53,"comment_status":"open","ping_status":"open","sticky":false,"template":"","format":"standard","meta":{"footnotes":""},"categories":[39],"tags":[84,81,96,88,78,89,80,82,92,93,74,73,69,77,95,76,71,66,75,67,91,68,70,86,83,87,72,94,90,85,79],"class_list":["post-52","post","type-post","status-publish","format-standard","has-post-thumbnail","hentry","category-fobia-social","tag-ansiedade-social-e-fobia","tag-causas-da-fobia-social","tag-como-lidar-com-a-fobia-social","tag-como-superar-a-fobia-social","tag-diagnostico-da-fobia-social","tag-efeitos-da-fobia-social","tag-fobia-social","tag-fobia-social-e-autoestima","tag-fobia-social-e-depressao","tag-fobia-social-e-isolamento","tag-fobia-social-em-santo-amaro","tag-fobia-social-em-sao-paulo","tag-fobia-social-em-sp","tag-fobia-social-na-adolescencia","tag-fobia-social-na-infancia","tag-fobia-social-na-zona-sul","tag-fobia-social-no-brooklin","tag-fobia-social-no-campo-belo","tag-fobia-social-no-jabaquara","tag-fobia-social-no-paraisopolis","tag-fobia-social-no-trabalho","tag-fobia-social-perto-de-mim","tag-fobia-social-proximo-a-mim","tag-impactos-da-fobia-social","tag-medicamentos-para-fobia-social","tag-psicoterapia-para-fobia-social","tag-servico-de-fobia-social","tag-sintomas-da-fobia-social","tag-terapia-para-fobia-social","tag-transtorno-de-ansiedade-social","tag-tratamento-para-fobia-social","latest_post"],"yoast_head":"<!-- This site is optimized with the Yoast SEO plugin v24.6 - https:\/\/yoast.com\/wordpress\/plugins\/seo\/ -->\n<title>Fobia social: saiba o que \u00e9 e suas causas - Blog Cl\u00ednica Beluco<\/title>\n<meta name=\"description\" content=\"Entenda o que \u00e9 a fobia social, seus sintomas, causas e impactos no dia a dia. Conhe\u00e7a a Cl\u00ednica Beluco para tratamento especializado.\" \/>\n<meta name=\"robots\" content=\"index, follow, max-snippet:-1, max-image-preview:large, max-video-preview:-1\" \/>\n<link rel=\"canonical\" href=\"https:\/\/www.drapatriciabeluco.com.br\/blog\/fobia-social-saiba-o-que-e-e-suas-causas\/\" \/>\n<meta property=\"og:locale\" content=\"pt_BR\" \/>\n<meta property=\"og:type\" content=\"article\" \/>\n<meta property=\"og:title\" content=\"Fobia social: saiba o que \u00e9 e suas causas - Blog Cl\u00ednica Beluco\" \/>\n<meta property=\"og:description\" content=\"Entenda o que \u00e9 a fobia social, seus sintomas, causas e impactos no dia a dia. Conhe\u00e7a a Cl\u00ednica Beluco para tratamento especializado.\" \/>\n<meta property=\"og:url\" content=\"https:\/\/www.drapatriciabeluco.com.br\/blog\/fobia-social-saiba-o-que-e-e-suas-causas\/\" \/>\n<meta property=\"og:site_name\" content=\"Blog Cl\u00ednica Beluco\" \/>\n<meta property=\"article:published_time\" content=\"2024-09-02T20:50:00+00:00\" \/>\n<meta property=\"article:modified_time\" content=\"2024-09-02T20:50:01+00:00\" \/>\n<meta property=\"og:image\" content=\"https:\/\/www.drapatriciabeluco.com.br\/blog\/wp-content\/uploads\/2024\/09\/2149319589.jpg\" \/>\n\t<meta property=\"og:image:width\" content=\"1000\" \/>\n\t<meta property=\"og:image:height\" content=\"667\" \/>\n\t<meta property=\"og:image:type\" content=\"image\/jpeg\" \/>\n<meta name=\"author\" content=\"admin\" \/>\n<meta name=\"twitter:card\" content=\"summary_large_image\" \/>\n<meta name=\"twitter:label1\" content=\"Escrito por\" \/>\n\t<meta name=\"twitter:data1\" content=\"admin\" \/>\n\t<meta name=\"twitter:label2\" content=\"Est. tempo de leitura\" \/>\n\t<meta name=\"twitter:data2\" content=\"7 minutos\" \/>\n<script type=\"application\/ld+json\" class=\"yoast-schema-graph\">{\"@context\":\"https:\/\/schema.org\",\"@graph\":[{\"@type\":\"Article\",\"@id\":\"https:\/\/www.drapatriciabeluco.com.br\/blog\/fobia-social-saiba-o-que-e-e-suas-causas\/#article\",\"isPartOf\":{\"@id\":\"https:\/\/www.drapatriciabeluco.com.br\/blog\/fobia-social-saiba-o-que-e-e-suas-causas\/\"},\"author\":{\"name\":\"admin\",\"@id\":\"https:\/\/www.drapatriciabeluco.com.br\/blog\/#\/schema\/person\/13a0b049e7c1c4ec6ef907ce2a8b57ef\"},\"headline\":\"Fobia social: saiba o que \u00e9 e suas causas\",\"datePublished\":\"2024-09-02T20:50:00+00:00\",\"dateModified\":\"2024-09-02T20:50:01+00:00\",\"mainEntityOfPage\":{\"@id\":\"https:\/\/www.drapatriciabeluco.com.br\/blog\/fobia-social-saiba-o-que-e-e-suas-causas\/\"},\"wordCount\":1135,\"commentCount\":0,\"publisher\":{\"@id\":\"https:\/\/www.drapatriciabeluco.com.br\/blog\/#organization\"},\"image\":{\"@id\":\"https:\/\/www.drapatriciabeluco.com.br\/blog\/fobia-social-saiba-o-que-e-e-suas-causas\/#primaryimage\"},\"thumbnailUrl\":\"https:\/\/www.drapatriciabeluco.com.br\/blog\/wp-content\/uploads\/2024\/09\/2149319589.jpg\",\"keywords\":[\"ansiedade social e fobia\",\"causas da fobia social\",\"como lidar com a fobia social\",\"como superar a fobia social\",\"diagn\u00f3stico da fobia social\",\"efeitos da fobia social\",\"fobia social\",\"fobia social e autoestima\",\"fobia social e depress\u00e3o\",\"fobia social e isolamento\",\"Fobia social em Santo Amaro\",\"Fobia social em s\u00e3o paulo\",\"Fobia social em sp\",\"fobia social na adolesc\u00eancia\",\"fobia social na inf\u00e2ncia\",\"Fobia social na zona sul\",\"Fobia social no Brooklin\",\"Fobia social no Campo Belo\",\"Fobia social no Jabaquara\",\"Fobia social no Parais\u00f3polis\",\"fobia social no trabalho\",\"Fobia social perto de mim\",\"Fobia social pr\u00f3ximo a mim\",\"impactos da fobia social\",\"medicamentos para fobia social\",\"psicoterapia para fobia social\",\"servi\u00e7o de Fobia social\",\"sintomas da fobia social\",\"terapia para fobia social\",\"transtorno de ansiedade social\",\"tratamento para fobia social\"],\"articleSection\":[\"fobia social\"],\"inLanguage\":\"pt-BR\",\"potentialAction\":[{\"@type\":\"CommentAction\",\"name\":\"Comment\",\"target\":[\"https:\/\/www.drapatriciabeluco.com.br\/blog\/fobia-social-saiba-o-que-e-e-suas-causas\/#respond\"]}]},{\"@type\":\"WebPage\",\"@id\":\"https:\/\/www.drapatriciabeluco.com.br\/blog\/fobia-social-saiba-o-que-e-e-suas-causas\/\",\"url\":\"https:\/\/www.drapatriciabeluco.com.br\/blog\/fobia-social-saiba-o-que-e-e-suas-causas\/\",\"name\":\"Fobia social: saiba o que \u00e9 e suas causas - Blog Cl\u00ednica Beluco\",\"isPartOf\":{\"@id\":\"https:\/\/www.drapatriciabeluco.com.br\/blog\/#website\"},\"primaryImageOfPage\":{\"@id\":\"https:\/\/www.drapatriciabeluco.com.br\/blog\/fobia-social-saiba-o-que-e-e-suas-causas\/#primaryimage\"},\"image\":{\"@id\":\"https:\/\/www.drapatriciabeluco.com.br\/blog\/fobia-social-saiba-o-que-e-e-suas-causas\/#primaryimage\"},\"thumbnailUrl\":\"https:\/\/www.drapatriciabeluco.com.br\/blog\/wp-content\/uploads\/2024\/09\/2149319589.jpg\",\"datePublished\":\"2024-09-02T20:50:00+00:00\",\"dateModified\":\"2024-09-02T20:50:01+00:00\",\"description\":\"Entenda o que \u00e9 a fobia social, seus sintomas, causas e impactos no dia a dia. Conhe\u00e7a a Cl\u00ednica Beluco para tratamento especializado.\",\"breadcrumb\":{\"@id\":\"https:\/\/www.drapatriciabeluco.com.br\/blog\/fobia-social-saiba-o-que-e-e-suas-causas\/#breadcrumb\"},\"inLanguage\":\"pt-BR\",\"potentialAction\":[{\"@type\":\"ReadAction\",\"target\":[\"https:\/\/www.drapatriciabeluco.com.br\/blog\/fobia-social-saiba-o-que-e-e-suas-causas\/\"]}]},{\"@type\":\"ImageObject\",\"inLanguage\":\"pt-BR\",\"@id\":\"https:\/\/www.drapatriciabeluco.com.br\/blog\/fobia-social-saiba-o-que-e-e-suas-causas\/#primaryimage\",\"url\":\"https:\/\/www.drapatriciabeluco.com.br\/blog\/wp-content\/uploads\/2024\/09\/2149319589.jpg\",\"contentUrl\":\"https:\/\/www.drapatriciabeluco.com.br\/blog\/wp-content\/uploads\/2024\/09\/2149319589.jpg\",\"width\":1000,\"height\":667,\"caption\":\"Fobia social: saiba o que \u00e9 e suas causas\"},{\"@type\":\"BreadcrumbList\",\"@id\":\"https:\/\/www.drapatriciabeluco.com.br\/blog\/fobia-social-saiba-o-que-e-e-suas-causas\/#breadcrumb\",\"itemListElement\":[{\"@type\":\"ListItem\",\"position\":1,\"name\":\"In\u00edcio\",\"item\":\"https:\/\/www.drapatriciabeluco.com.br\/blog\/\"},{\"@type\":\"ListItem\",\"position\":2,\"name\":\"Fobia social: saiba o que \u00e9 e suas causas\"}]},{\"@type\":\"WebSite\",\"@id\":\"https:\/\/www.drapatriciabeluco.com.br\/blog\/#website\",\"url\":\"https:\/\/www.drapatriciabeluco.com.br\/blog\/\",\"name\":\"Blog Cl\u00ednica Beluco\",\"description\":\"Cl\u00ednica Psiqui\u00e1trica Especializada\",\"publisher\":{\"@id\":\"https:\/\/www.drapatriciabeluco.com.br\/blog\/#organization\"},\"potentialAction\":[{\"@type\":\"SearchAction\",\"target\":{\"@type\":\"EntryPoint\",\"urlTemplate\":\"https:\/\/www.drapatriciabeluco.com.br\/blog\/?s={search_term_string}\"},\"query-input\":{\"@type\":\"PropertyValueSpecification\",\"valueRequired\":true,\"valueName\":\"search_term_string\"}}],\"inLanguage\":\"pt-BR\"},{\"@type\":\"Organization\",\"@id\":\"https:\/\/www.drapatriciabeluco.com.br\/blog\/#organization\",\"name\":\"Blog Cl\u00ednica Beluco\",\"url\":\"https:\/\/www.drapatriciabeluco.com.br\/blog\/\",\"logo\":{\"@type\":\"ImageObject\",\"inLanguage\":\"pt-BR\",\"@id\":\"https:\/\/www.drapatriciabeluco.com.br\/blog\/#\/schema\/logo\/image\/\",\"url\":\"https:\/\/www.drapatriciabeluco.com.br\/blog\/wp-content\/uploads\/2024\/06\/logo-2.png\",\"contentUrl\":\"https:\/\/www.drapatriciabeluco.com.br\/blog\/wp-content\/uploads\/2024\/06\/logo-2.png\",\"width\":594,\"height\":420,\"caption\":\"Blog Cl\u00ednica Beluco\"},\"image\":{\"@id\":\"https:\/\/www.drapatriciabeluco.com.br\/blog\/#\/schema\/logo\/image\/\"}},{\"@type\":\"Person\",\"@id\":\"https:\/\/www.drapatriciabeluco.com.br\/blog\/#\/schema\/person\/13a0b049e7c1c4ec6ef907ce2a8b57ef\",\"name\":\"admin\",\"image\":{\"@type\":\"ImageObject\",\"inLanguage\":\"pt-BR\",\"@id\":\"https:\/\/www.drapatriciabeluco.com.br\/blog\/#\/schema\/person\/image\/\",\"url\":\"https:\/\/secure.gravatar.com\/avatar\/ac9557ba9d4c9d6a13579e7d8e52971a8505c7a89c69d895adfa73374e3a77b3?s=96&d=mm&r=g\",\"contentUrl\":\"https:\/\/secure.gravatar.com\/avatar\/ac9557ba9d4c9d6a13579e7d8e52971a8505c7a89c69d895adfa73374e3a77b3?s=96&d=mm&r=g\",\"caption\":\"admin\"},\"sameAs\":[\"https:\/\/www.clinicabeluco.com.br\/blog\"],\"url\":\"https:\/\/www.drapatriciabeluco.com.br\/blog\/author\/admin\/\"}]}<\/script>\n<!-- \/ Yoast SEO plugin. -->","yoast_head_json":{"title":"Fobia social: saiba o que \u00e9 e suas causas - Blog Cl\u00ednica Beluco","description":"Entenda o que \u00e9 a fobia social, seus sintomas, causas e impactos no dia a dia. Conhe\u00e7a a Cl\u00ednica Beluco para tratamento especializado.","robots":{"index":"index","follow":"follow","max-snippet":"max-snippet:-1","max-image-preview":"max-image-preview:large","max-video-preview":"max-video-preview:-1"},"canonical":"https:\/\/www.drapatriciabeluco.com.br\/blog\/fobia-social-saiba-o-que-e-e-suas-causas\/","og_locale":"pt_BR","og_type":"article","og_title":"Fobia social: saiba o que \u00e9 e suas causas - Blog Cl\u00ednica Beluco","og_description":"Entenda o que \u00e9 a fobia social, seus sintomas, causas e impactos no dia a dia. Conhe\u00e7a a Cl\u00ednica Beluco para tratamento especializado.","og_url":"https:\/\/www.drapatriciabeluco.com.br\/blog\/fobia-social-saiba-o-que-e-e-suas-causas\/","og_site_name":"Blog Cl\u00ednica Beluco","article_published_time":"2024-09-02T20:50:00+00:00","article_modified_time":"2024-09-02T20:50:01+00:00","og_image":[{"width":1000,"height":667,"url":"https:\/\/www.drapatriciabeluco.com.br\/blog\/wp-content\/uploads\/2024\/09\/2149319589.jpg","type":"image\/jpeg"}],"author":"admin","twitter_card":"summary_large_image","twitter_misc":{"Escrito por":"admin","Est. tempo de leitura":"7 minutos"},"schema":{"@context":"https:\/\/schema.org","@graph":[{"@type":"Article","@id":"https:\/\/www.drapatriciabeluco.com.br\/blog\/fobia-social-saiba-o-que-e-e-suas-causas\/#article","isPartOf":{"@id":"https:\/\/www.drapatriciabeluco.com.br\/blog\/fobia-social-saiba-o-que-e-e-suas-causas\/"},"author":{"name":"admin","@id":"https:\/\/www.drapatriciabeluco.com.br\/blog\/#\/schema\/person\/13a0b049e7c1c4ec6ef907ce2a8b57ef"},"headline":"Fobia social: saiba o que \u00e9 e suas causas","datePublished":"2024-09-02T20:50:00+00:00","dateModified":"2024-09-02T20:50:01+00:00","mainEntityOfPage":{"@id":"https:\/\/www.drapatriciabeluco.com.br\/blog\/fobia-social-saiba-o-que-e-e-suas-causas\/"},"wordCount":1135,"commentCount":0,"publisher":{"@id":"https:\/\/www.drapatriciabeluco.com.br\/blog\/#organization"},"image":{"@id":"https:\/\/www.drapatriciabeluco.com.br\/blog\/fobia-social-saiba-o-que-e-e-suas-causas\/#primaryimage"},"thumbnailUrl":"https:\/\/www.drapatriciabeluco.com.br\/blog\/wp-content\/uploads\/2024\/09\/2149319589.jpg","keywords":["ansiedade social e fobia","causas da fobia social","como lidar com a fobia social","como superar a fobia social","diagn\u00f3stico da fobia social","efeitos da fobia social","fobia social","fobia social e autoestima","fobia social e depress\u00e3o","fobia social e isolamento","Fobia social em Santo Amaro","Fobia social em s\u00e3o paulo","Fobia social em sp","fobia social na adolesc\u00eancia","fobia social na inf\u00e2ncia","Fobia social na zona sul","Fobia social no Brooklin","Fobia social no Campo Belo","Fobia social no Jabaquara","Fobia social no Parais\u00f3polis","fobia social no trabalho","Fobia social perto de mim","Fobia social pr\u00f3ximo a mim","impactos da fobia social","medicamentos para fobia social","psicoterapia para fobia social","servi\u00e7o de Fobia social","sintomas da fobia social","terapia para fobia social","transtorno de ansiedade social","tratamento para fobia social"],"articleSection":["fobia social"],"inLanguage":"pt-BR","potentialAction":[{"@type":"CommentAction","name":"Comment","target":["https:\/\/www.drapatriciabeluco.com.br\/blog\/fobia-social-saiba-o-que-e-e-suas-causas\/#respond"]}]},{"@type":"WebPage","@id":"https:\/\/www.drapatriciabeluco.com.br\/blog\/fobia-social-saiba-o-que-e-e-suas-causas\/","url":"https:\/\/www.drapatriciabeluco.com.br\/blog\/fobia-social-saiba-o-que-e-e-suas-causas\/","name":"Fobia social: saiba o que \u00e9 e suas causas - Blog Cl\u00ednica Beluco","isPartOf":{"@id":"https:\/\/www.drapatriciabeluco.com.br\/blog\/#website"},"primaryImageOfPage":{"@id":"https:\/\/www.drapatriciabeluco.com.br\/blog\/fobia-social-saiba-o-que-e-e-suas-causas\/#primaryimage"},"image":{"@id":"https:\/\/www.drapatriciabeluco.com.br\/blog\/fobia-social-saiba-o-que-e-e-suas-causas\/#primaryimage"},"thumbnailUrl":"https:\/\/www.drapatriciabeluco.com.br\/blog\/wp-content\/uploads\/2024\/09\/2149319589.jpg","datePublished":"2024-09-02T20:50:00+00:00","dateModified":"2024-09-02T20:50:01+00:00","description":"Entenda o que \u00e9 a fobia social, seus sintomas, causas e impactos no dia a dia. Conhe\u00e7a a Cl\u00ednica Beluco para tratamento especializado.","breadcrumb":{"@id":"https:\/\/www.drapatriciabeluco.com.br\/blog\/fobia-social-saiba-o-que-e-e-suas-causas\/#breadcrumb"},"inLanguage":"pt-BR","potentialAction":[{"@type":"ReadAction","target":["https:\/\/www.drapatriciabeluco.com.br\/blog\/fobia-social-saiba-o-que-e-e-suas-causas\/"]}]},{"@type":"ImageObject","inLanguage":"pt-BR","@id":"https:\/\/www.drapatriciabeluco.com.br\/blog\/fobia-social-saiba-o-que-e-e-suas-causas\/#primaryimage","url":"https:\/\/www.drapatriciabeluco.com.br\/blog\/wp-content\/uploads\/2024\/09\/2149319589.jpg","contentUrl":"https:\/\/www.drapatriciabeluco.com.br\/blog\/wp-content\/uploads\/2024\/09\/2149319589.jpg","width":1000,"height":667,"caption":"Fobia social: saiba o que \u00e9 e suas causas"},{"@type":"BreadcrumbList","@id":"https:\/\/www.drapatriciabeluco.com.br\/blog\/fobia-social-saiba-o-que-e-e-suas-causas\/#breadcrumb","itemListElement":[{"@type":"ListItem","position":1,"name":"In\u00edcio","item":"https:\/\/www.drapatriciabeluco.com.br\/blog\/"},{"@type":"ListItem","position":2,"name":"Fobia social: saiba o que \u00e9 e suas causas"}]},{"@type":"WebSite","@id":"https:\/\/www.drapatriciabeluco.com.br\/blog\/#website","url":"https:\/\/www.drapatriciabeluco.com.br\/blog\/","name":"Blog Cl\u00ednica Beluco","description":"Cl\u00ednica Psiqui\u00e1trica Especializada","publisher":{"@id":"https:\/\/www.drapatriciabeluco.com.br\/blog\/#organization"},"potentialAction":[{"@type":"SearchAction","target":{"@type":"EntryPoint","urlTemplate":"https:\/\/www.drapatriciabeluco.com.br\/blog\/?s={search_term_string}"},"query-input":{"@type":"PropertyValueSpecification","valueRequired":true,"valueName":"search_term_string"}}],"inLanguage":"pt-BR"},{"@type":"Organization","@id":"https:\/\/www.drapatriciabeluco.com.br\/blog\/#organization","name":"Blog Cl\u00ednica Beluco","url":"https:\/\/www.drapatriciabeluco.com.br\/blog\/","logo":{"@type":"ImageObject","inLanguage":"pt-BR","@id":"https:\/\/www.drapatriciabeluco.com.br\/blog\/#\/schema\/logo\/image\/","url":"https:\/\/www.drapatriciabeluco.com.br\/blog\/wp-content\/uploads\/2024\/06\/logo-2.png","contentUrl":"https:\/\/www.drapatriciabeluco.com.br\/blog\/wp-content\/uploads\/2024\/06\/logo-2.png","width":594,"height":420,"caption":"Blog Cl\u00ednica Beluco"},"image":{"@id":"https:\/\/www.drapatriciabeluco.com.br\/blog\/#\/schema\/logo\/image\/"}},{"@type":"Person","@id":"https:\/\/www.drapatriciabeluco.com.br\/blog\/#\/schema\/person\/13a0b049e7c1c4ec6ef907ce2a8b57ef","name":"admin","image":{"@type":"ImageObject","inLanguage":"pt-BR","@id":"https:\/\/www.drapatriciabeluco.com.br\/blog\/#\/schema\/person\/image\/","url":"https:\/\/secure.gravatar.com\/avatar\/ac9557ba9d4c9d6a13579e7d8e52971a8505c7a89c69d895adfa73374e3a77b3?s=96&d=mm&r=g","contentUrl":"https:\/\/secure.gravatar.com\/avatar\/ac9557ba9d4c9d6a13579e7d8e52971a8505c7a89c69d895adfa73374e3a77b3?s=96&d=mm&r=g","caption":"admin"},"sameAs":["https:\/\/www.clinicabeluco.com.br\/blog"],"url":"https:\/\/www.drapatriciabeluco.com.br\/blog\/author\/admin\/"}]}},"_links":{"self":[{"href":"https:\/\/www.drapatriciabeluco.com.br\/blog\/wp-json\/wp\/v2\/posts\/52","targetHints":{"allow":["GET"]}}],"collection":[{"href":"https:\/\/www.drapatriciabeluco.com.br\/blog\/wp-json\/wp\/v2\/posts"}],"about":[{"href":"https:\/\/www.drapatriciabeluco.com.br\/blog\/wp-json\/wp\/v2\/types\/post"}],"author":[{"embeddable":true,"href":"https:\/\/www.drapatriciabeluco.com.br\/blog\/wp-json\/wp\/v2\/users\/1"}],"replies":[{"embeddable":true,"href":"https:\/\/www.drapatriciabeluco.com.br\/blog\/wp-json\/wp\/v2\/comments?post=52"}],"version-history":[{"count":1,"href":"https:\/\/www.drapatriciabeluco.com.br\/blog\/wp-json\/wp\/v2\/posts\/52\/revisions"}],"predecessor-version":[{"id":55,"href":"https:\/\/www.drapatriciabeluco.com.br\/blog\/wp-json\/wp\/v2\/posts\/52\/revisions\/55"}],"wp:featuredmedia":[{"embeddable":true,"href":"https:\/\/www.drapatriciabeluco.com.br\/blog\/wp-json\/wp\/v2\/media\/53"}],"wp:attachment":[{"href":"https:\/\/www.drapatriciabeluco.com.br\/blog\/wp-json\/wp\/v2\/media?parent=52"}],"wp:term":[{"taxonomy":"category","embeddable":true,"href":"https:\/\/www.drapatriciabeluco.com.br\/blog\/wp-json\/wp\/v2\/categories?post=52"},{"taxonomy":"post_tag","embeddable":true,"href":"https:\/\/www.drapatriciabeluco.com.br\/blog\/wp-json\/wp\/v2\/tags?post=52"}],"curies":[{"name":"wp","href":"https:\/\/api.w.org\/{rel}","templated":true}]}}